{"id":400,"date":"2018-01-04T12:23:36","date_gmt":"2018-01-04T11:23:36","guid":{"rendered":"http:\/\/odiv.de\/cms\/?p=400"},"modified":"2019-06-29T13:16:44","modified_gmt":"2019-06-29T11:16:44","slug":"erste-materialien-der-tagung-2017","status":"publish","type":"post","link":"https:\/\/odiv.de\/cms\/erste-materialien-der-tagung-2017\/","title":{"rendered":"Erste Materialien der Tagung 2017"},"content":{"rendered":"<p>Die Bilder der Tagungen von 2015 und 2017 sind nun in unserer Galerie zu finden.<\/p>\n<p>Die Niederschrift der Mitgliederversammlung 2017 finden Sie im Men\u00fceintrag Jahrestagungen -&gt; Jahrestagung 2017.<\/p>\n<p>Die Materialien der Vortr\u00e4ge von Frau Schavan, Reinhard Kardinal Marx und Herrn Christiansen werden, sobald sie verf\u00fcgbar sind, ebenfalls unter dem Men\u00fcpunkt Jahrestagungen 2017 eingestellt.<\/p>\n<p>Einen Bericht \u00fcber die ODIV-Tagung gab es auf dem Online-Portal des Domradios: <a href=\"https:\/\/www.domradio.de\/themen\/soziales\/2017-11-13\/katholische-schulen-als-orte-fuer-gelebte-oekumene\">&#8222;Zeit zum Aufbruch&#8220;.<\/a><\/p>\n<p>Auf dem Portal der <a href=\"http:\/\/www.katholische-schulen.de\/\">Katholischen Schulen<\/a> ist ebenfalls ein Bericht \u00fcber unsere vergangene Tagung zu lesen:&nbsp; <a href=\"http:\/\/www.katholische-schulen.de\/Fortbildungen\/Im-Zeichen-der-%C3%96kumene\">Im Zeichen der \u00d6kumene<\/a><\/p>\n","protected":false},"excerpt":{"rendered":"Die Bilder der Tagungen von 2015 und 2017 sind nun in unserer Galerie zu finden. Die Niederschrift der Mitgliederversammlung 2017 [&hellip;]","protected":false},"author":3,"featured_media":0,"comment_status":"closed","ping_status":"open","sticky":false,"template":"","format":"standard","meta":{"ngg_post_thumbnail":0,"footnotes":""},"categories":[1,8],"tags":[],"class_list":["post-400","post","type-post","status-publish","format-standard","hentry","category-allgemein","category-archiv"],"_links":{"self":[{"href":"https:\/\/odiv.de\/cms\/wp-json\/wp\/v2\/posts\/400","targetHints":{"allow":["GET"]}}],"collection":[{"href":"https:\/\/odiv.de\/cms\/wp-json\/wp\/v2\/posts"}],"about":[{"href":"https:\/\/odiv.de\/cms\/wp-json\/wp\/v2\/types\/post"}],"author":[{"embeddable":true,"href":"https:\/\/odiv.de\/cms\/wp-json\/wp\/v2\/users\/3"}],"replies":[{"embeddable":true,"href":"https:\/\/odiv.de\/cms\/wp-json\/wp\/v2\/comments?post=400"}],"version-history":[{"count":10,"href":"https:\/\/odiv.de\/cms\/wp-json\/wp\/v2\/posts\/400\/revisions"}],"predecessor-version":[{"id":546,"href":"https:\/\/odiv.de\/cms\/wp-json\/wp\/v2\/posts\/400\/revisions\/546"}],"wp:attachment":[{"href":"https:\/\/odiv.de\/cms\/wp-json\/wp\/v2\/media?parent=400"}],"wp:term":[{"taxonomy":"category","embeddable":true,"href":"https:\/\/odiv.de\/cms\/wp-json\/wp\/v2\/categories?post=400"},{"taxonomy":"post_tag","embeddable":true,"href":"https:\/\/odiv.de\/cms\/wp-json\/wp\/v2\/tags?post=400"}],"curies":[{"name":"wp","href":"https:\/\/api.w.org\/{rel}","templated":true}]}}