{"id":2193,"date":"2026-03-02T10:59:54","date_gmt":"2026-03-02T09:59:54","guid":{"rendered":"https:\/\/odiv.de\/cms\/?p=2193"},"modified":"2026-03-02T10:59:54","modified_gmt":"2026-03-02T09:59:54","slug":"klausurtagung-in-dresden","status":"publish","type":"post","link":"https:\/\/odiv.de\/cms\/klausurtagung-in-dresden\/","title":{"rendered":"Klausurtagung in Dresden"},"content":{"rendered":"<h2 data-start=\"0\" data-end=\"113\">Vorstandssitzung der ODIV in <span class=\"hover:entity-accent entity-underline inline cursor-pointer align-baseline\"><span class=\"whitespace-normal\">Dresden<\/span><\/span> \u2013 Austausch, Planung und kulturelle Impulse<\/h2>\n<p data-start=\"115\" data-end=\"576\">Vom 26. bis 28. Februar 2026 kam der ODIV-Vorstand zu seiner ersten Sitzung des Jahres in Dresden zusammen. Die inhaltliche Arbeit und geistlichen Zeiten fanden ma\u00dfgeblich im <span class=\"hover:entity-accent entity-underline inline cursor-pointer align-baseline\"><span class=\"whitespace-normal\">St. Benno-Gymnasium<\/span><\/span> stattfanden. Gastgeber war Schulleiter Stefan Sch\u00e4fer, der nicht nur die Begegnungen vor Ort umsichtig koordinierte, sondern auch ein eindrucksvolles Kulturprogramm f\u00fcr den Vorstand vorbereitet hatte.<\/p>\n<h3 data-start=\"578\" data-end=\"624\">Geistlicher Auftakt und inhaltliche Arbeit<\/h3>\n<p data-start=\"626\" data-end=\"1079\">Die Sitzung begann mit einer Vesper in der Kapelle des Gymnasiums \u2013 ein bewusst gesetzter geistlicher Akzent, der die gemeinsame Verantwortung f\u00fcr katholische Bildung unterstrich. Neben dem R\u00fcckblick auf die Jahrestagung 2025 in W\u00fcrzburg standen insbesondere die finanzielle Entwicklung sowie die Planungen f\u00fcr die Jahrestagung 2026 &nbsp;im Mittelpunkt der Beratungen.<\/p>\n<p data-start=\"1081\" data-end=\"1377\">Auch die Vorplanung der Jahrestagung 2027 sowie ein geplanter Strategie-Workshop in W\u00fcrzburg wurden intensiv diskutiert. Dar\u00fcber hinaus kam es zu einem Austausch mit Bischof <span class=\"hover:entity-accent entity-underline inline cursor-pointer align-baseline\"><span class=\"whitespace-normal\">Heinrich Timmerevers<\/span><\/span> im Haus der Kathedrale \u2013 ein wertvoller Impuls f\u00fcr die weitere Arbeit des Verbandes.<\/p>\n<h3 data-start=\"1384\" data-end=\"1442\">Kulturprogramm: Kunst, Glaube und Geschichte in Dresden<\/h3>\n<p data-start=\"1444\" data-end=\"1644\">Ein besonderer H\u00f6hepunkt der Vorstandssitzung war das von Stefan Sch\u00e4fer konzipierte Kulturprogramm. Es verband auf eindrucksvolle Weise Kunst, geistliches Leben und die kulturelle Identit\u00e4t Dresdens.<\/p>\n<h3 data-start=\"1646\" data-end=\"1705\">Kunstbegegnung im <span class=\"hover:entity-accent entity-underline inline cursor-pointer align-baseline\"><span class=\"whitespace-normal\">Albertinum<\/span><\/span><\/h3>\n<p data-start=\"1707\" data-end=\"1901\">Am Freitagnachmittag f\u00fchrte eine fachkundige F\u00fchrung durch das Albertinum. Im Mittelpunkt standen Werke von <span class=\"hover:entity-accent entity-underline inline cursor-pointer align-baseline\"><span class=\"whitespace-normal\">Paula Modersohn-Becker<\/span><\/span> und <span class=\"hover:entity-accent entity-underline inline cursor-pointer align-baseline\"><span class=\"whitespace-normal\">Edvard Munch<\/span><\/span>.<\/p>\n<p data-start=\"1903\" data-end=\"2231\">Die Auseinandersetzung mit diesen K\u00fcnstlerpers\u00f6nlichkeiten er\u00f6ffnete Perspektiven auf existenzielle Fragen des Menschseins \u2013 Fragen nach Identit\u00e4t, Verletzlichkeit, W\u00fcrde und Transzendenz. Damit ergaben sich auch Bez\u00fcge zu aktuellen Herausforderungen katholischer Schulen im Spannungsfeld von Anthropologie, Bildung und Glauben.<\/p>\n<h3 data-start=\"2233\" data-end=\"2320\">Geistliche und historische Spurensuche in der <span class=\"hover:entity-accent entity-underline inline cursor-pointer align-baseline\"><span class=\"whitespace-normal\">Hofkirche Dresden<\/span><\/span><\/h3>\n<p data-start=\"2322\" data-end=\"2781\">Im Anschluss an die Museumsf\u00fchrung folgte eine F\u00fchrung durch die Hofkirche mit anschlie\u00dfender Kreuzwegandacht. Die barocke Kathedrale \u2013 als sichtbares Zeichen katholischen Lebens in einer mehrheitlich protestantisch gepr\u00e4gten Region \u2013 bot einen eindrucksvollen Rahmen f\u00fcr unser Gebet. Die Verbindung von historischer Verortung und liturgischer Feier machte deutlich, wie sehr katholische Identit\u00e4t immer auch kulturell und geschichtlich verwurzelt ist.<\/p>\n<p data-start=\"2322\" data-end=\"2781\">Ein weiterer geistlicher H\u00f6hepunkt war am Samstagmorgen der gemeinsame Gottesdienst unter der Leitung von Pater <span class=\"hover:entity-accent entity-underline inline cursor-pointer align-baseline\"><span class=\"whitespace-normal\">Friedrich Emde<\/span><\/span> SDS, Provinzial der <span class=\"hover:entity-accent entity-underline inline cursor-pointer align-baseline\"><span class=\"whitespace-normal\">Salvatorianer<\/span><\/span>, der die Gemeinschaft des Vorstandes nochmals vertiefte.<\/p>\n<h2 data-start=\"2788\" data-end=\"2812\">Dank an den Gastgeber<\/h2>\n<p data-start=\"2814\" data-end=\"3150\">Der Vorstand dankt Stefan Sch\u00e4fer herzlich f\u00fcr die gro\u00dfz\u00fcgige Gastfreundschaft des <span class=\"hover:entity-accent entity-underline inline cursor-pointer align-baseline\"><span class=\"whitespace-normal\">St. Benno-Gymnasium<\/span><\/span> sowie f\u00fcr die sorgf\u00e4ltige Planung des Kulturprogramms. Die Tage in Dresden haben gezeigt, wie fruchtbar die Verbindung aus konzentrierter Sacharbeit, geistlicher Gemeinschaft und kultureller Horizonterweiterung ist.<\/p>\n<p data-start=\"3152\" data-end=\"3332\" data-is-last-node=\"\" data-is-only-node=\"\">Mit neuen Impulsen, gest\u00e4rkter Gemeinschaft und klaren Perspektiven f\u00fcr die kommenden Jahrestagungen kehrten die Vorstandsmitglieder in ihre jeweiligen Schulen und Bist\u00fcmer zur\u00fcck.<\/p>\nngg_shortcode_0_placeholder\n","protected":false},"excerpt":{"rendered":"Vorstandssitzung der ODIV in Dresden \u2013 Austausch, Planung und kulturelle Impulse Vom 26. bis 28. Februar 2026 kam der ODIV-Vorstand [&hellip;]","protected":false},"author":3,"featured_media":2257,"comment_status":"closed","ping_status":"open","sticky":false,"template":"","format":"standard","meta":{"ngg_post_thumbnail":0,"footnotes":""},"categories":[1],"tags":[],"class_list":["post-2193","post","type-post","status-publish","format-standard","has-post-thumbnail","hentry","category-allgemein"],"_links":{"self":[{"href":"https:\/\/odiv.de\/cms\/wp-json\/wp\/v2\/posts\/2193","targetHints":{"allow":["GET"]}}],"collection":[{"href":"https:\/\/odiv.de\/cms\/wp-json\/wp\/v2\/posts"}],"about":[{"href":"https:\/\/odiv.de\/cms\/wp-json\/wp\/v2\/types\/post"}],"author":[{"embeddable":true,"href":"https:\/\/odiv.de\/cms\/wp-json\/wp\/v2\/users\/3"}],"replies":[{"embeddable":true,"href":"https:\/\/odiv.de\/cms\/wp-json\/wp\/v2\/comments?post=2193"}],"version-history":[{"count":3,"href":"https:\/\/odiv.de\/cms\/wp-json\/wp\/v2\/posts\/2193\/revisions"}],"predecessor-version":[{"id":2258,"href":"https:\/\/odiv.de\/cms\/wp-json\/wp\/v2\/posts\/2193\/revisions\/2258"}],"wp:featuredmedia":[{"embeddable":true,"href":"https:\/\/odiv.de\/cms\/wp-json\/wp\/v2\/media\/2257"}],"wp:attachment":[{"href":"https:\/\/odiv.de\/cms\/wp-json\/wp\/v2\/media?parent=2193"}],"wp:term":[{"taxonomy":"category","embeddable":true,"href":"https:\/\/odiv.de\/cms\/wp-json\/wp\/v2\/categories?post=2193"},{"taxonomy":"post_tag","embeddable":true,"href":"https:\/\/odiv.de\/cms\/wp-json\/wp\/v2\/tags?post=2193"}],"curies":[{"name":"wp","href":"https:\/\/api.w.org\/{rel}","templated":true}]}}