{"id":2164,"date":"2026-01-25T18:00:07","date_gmt":"2026-01-25T17:00:07","guid":{"rendered":"https:\/\/odiv.de\/cms\/?p=2164"},"modified":"2026-03-02T11:05:46","modified_gmt":"2026-03-02T10:05:46","slug":"100-jahre-exerzitienhaus-himmelspforten","status":"publish","type":"post","link":"https:\/\/odiv.de\/cms\/100-jahre-exerzitienhaus-himmelspforten\/","title":{"rendered":"100 Jahre Exerzitienhaus Himmelspforten"},"content":{"rendered":"ngg_shortcode_0_placeholder\n<p data-start=\"145\" data-end=\"442\">Am 24. und 25. Januar durfte die ODIV am festlichen Jubil\u00e4umsprogramm des Exerzitienhauses Himmelspforten in W\u00fcrzburg teilnehmen. Die Feierlichkeiten boten einen w\u00fcrdigen und zugleich lebendigen Rahmen, um Geschichte, geistliches Leben und Zukunftsperspektiven dieses besonderen Ortes zu w\u00fcrdigen.<\/p>\n<p data-start=\"444\" data-end=\"1119\">Der Festakt am <strong data-start=\"459\" data-end=\"473\">24. Januar<\/strong> wurde er\u00f6ffnet von Ordinariatsr\u00e4tin <strong data-start=\"510\" data-end=\"536\">Dr. Christine Schrappe<\/strong>, Leiterin der Hauptabteilung Bildung und Kultur der Di\u00f6zese W\u00fcrzburg, sowie <strong data-start=\"613\" data-end=\"641\">Domvikar Paul Weismantel<\/strong>, Geistlicher Leiter des Exerzitienhauses. Einen inhaltlichen H\u00f6hepunkt bildete der Festvortrag von <strong data-start=\"741\" data-end=\"768\">Prof. Dr. Wolfgang Wei\u00df<\/strong>, Professor f\u00fcr fr\u00e4nkische Kirchengeschichte und kirchliche Regionalgeschichte, der die historische Bedeutung des Ortes und seine Entwicklung eindrucksvoll nachzeichnete. Im Anschluss wurde die Ausstellung <strong data-start=\"974\" data-end=\"998\">\u201eLicht des Glaubens\u201c<\/strong> des K\u00fcnstlers <strong data-start=\"1013\" data-end=\"1029\">Ludger Hinse<\/strong> er\u00f6ffnet, die dem Festakt eine besondere k\u00fcnstlerische und spirituelle Dimension verlieh.<\/p>\n<p data-start=\"1121\" data-end=\"1287\">Am <strong data-start=\"1124\" data-end=\"1138\">25. Januar<\/strong> folgte das feierliche <strong data-start=\"1161\" data-end=\"1205\">Pontifikalamt mit Bischof Dr. Franz Jung<\/strong> in der Kilianskapelle, das den geistlichen Mittelpunkt der Jubil\u00e4umstage bildete.<\/p>\n<p data-start=\"1289\" data-end=\"1520\">F\u00fcr die ODIV nahm <strong data-start=\"1307\" data-end=\"1324\">Sr. Eva-Maria Siemer<\/strong> in ihrer Funktion als Vorsitzende&nbsp;und Thomas Wolf an den Feierlichkeiten teil. Die Teilnahme war f\u00fcr uns eine gro\u00dfe Ehre und ein Zeichen der Verbundenheit mit dem Exerzitienhaus Himmelspforten und seinem Wirken.<\/p>\n<p data-start=\"1522\" data-end=\"1708\">Wir blicken dankbar auf einen rundum gelungenen Festakt in einem vorz\u00fcglichen Rahmen zur\u00fcck, der Begegnung, Erinnerung und geistliche Tiefe auf besondere Weise miteinander verbunden hat.<\/p>\n<hr data-start=\"1710\" data-end=\"1714\">\n","protected":false},"excerpt":{"rendered":"Am 24. und 25. Januar durfte die ODIV am festlichen Jubil\u00e4umsprogramm des Exerzitienhauses Himmelspforten in W\u00fcrzburg teilnehmen. Die Feierlichkeiten boten [&hellip;]","protected":false},"author":3,"featured_media":2261,"comment_status":"closed","ping_status":"open","sticky":false,"template":"","format":"standard","meta":{"ngg_post_thumbnail":0,"footnotes":""},"categories":[1],"tags":[],"class_list":["post-2164","post","type-post","status-publish","format-standard","has-post-thumbnail","hentry","category-allgemein"],"_links":{"self":[{"href":"https:\/\/odiv.de\/cms\/wp-json\/wp\/v2\/posts\/2164","targetHints":{"allow":["GET"]}}],"collection":[{"href":"https:\/\/odiv.de\/cms\/wp-json\/wp\/v2\/posts"}],"about":[{"href":"https:\/\/odiv.de\/cms\/wp-json\/wp\/v2\/types\/post"}],"author":[{"embeddable":true,"href":"https:\/\/odiv.de\/cms\/wp-json\/wp\/v2\/users\/3"}],"replies":[{"embeddable":true,"href":"https:\/\/odiv.de\/cms\/wp-json\/wp\/v2\/comments?post=2164"}],"version-history":[{"count":5,"href":"https:\/\/odiv.de\/cms\/wp-json\/wp\/v2\/posts\/2164\/revisions"}],"predecessor-version":[{"id":2190,"href":"https:\/\/odiv.de\/cms\/wp-json\/wp\/v2\/posts\/2164\/revisions\/2190"}],"wp:featuredmedia":[{"embeddable":true,"href":"https:\/\/odiv.de\/cms\/wp-json\/wp\/v2\/media\/2261"}],"wp:attachment":[{"href":"https:\/\/odiv.de\/cms\/wp-json\/wp\/v2\/media?parent=2164"}],"wp:term":[{"taxonomy":"category","embeddable":true,"href":"https:\/\/odiv.de\/cms\/wp-json\/wp\/v2\/categories?post=2164"},{"taxonomy":"post_tag","embeddable":true,"href":"https:\/\/odiv.de\/cms\/wp-json\/wp\/v2\/tags?post=2164"}],"curies":[{"name":"wp","href":"https:\/\/api.w.org\/{rel}","templated":true}]}}