{"id":1505,"date":"2023-06-28T07:50:17","date_gmt":"2023-06-28T05:50:17","guid":{"rendered":"https:\/\/odiv.de\/cms\/?p=1505"},"modified":"2023-10-04T16:18:55","modified_gmt":"2023-10-04T14:18:55","slug":"jahrestagung-2023","status":"publish","type":"post","link":"https:\/\/odiv.de\/cms\/jahrestagung-2023\/","title":{"rendered":"Jahrestagung 2023"},"content":{"rendered":"<p>Die Sommerferien haben in den ersten Bundesl\u00e4ndern bereits begonnen. Damit steht auch wieder die Anmeldephase f\u00fcr die ODIV-Jahrestagung vor der T\u00fcr.&nbsp; Die Tagung wird 2023 vom 6. &#8211; 8. November wieder in Himmelspforten in W\u00fcrzburg stattfinden.<\/p>\n<p>Der Programmflyer und die <a href=\"https:\/\/odiv.de\/cms\/wp-content\/uploads\/2023\/06\/ODIV-Mitgliederversammlung-Juni_2023.pdf\">Einladung f\u00fcr die Mitgliederversammlung<\/a>&nbsp; sind versandt worden. Ab sofort kann die Anmeldung \u00fcber unsere Homepage unter <a href=\"https:\/\/odiv.de\/cms\/jahrestagungen\/anmeldung\/\">diesem Link<\/a> vorgenommen werden. Der <a href=\"https:\/\/odiv.de\/cms\/wp-content\/uploads\/2023\/10\/ODIV-Programm-Flyer_Sept_2023.pdf\">aktualisierte Programmflyer<\/a> findet sich unter diesem <a href=\"https:\/\/odiv.de\/cms\/wp-content\/uploads\/2023\/10\/ODIV-Programm-Flyer_Sept_2023.pdf\">neuen Link<\/a>.<\/p>\n<p>Wir freuen uns \u00fcber Ihre Teilnahme!<\/p>\n","protected":false},"excerpt":{"rendered":"Die Sommerferien haben in den ersten Bundesl\u00e4ndern bereits begonnen. Damit steht auch wieder die Anmeldephase f\u00fcr die ODIV-Jahrestagung vor der [&hellip;]","protected":false},"author":3,"featured_media":0,"comment_status":"closed","ping_status":"open","sticky":false,"template":"","format":"standard","meta":{"ngg_post_thumbnail":0,"footnotes":""},"categories":[1],"tags":[],"class_list":["post-1505","post","type-post","status-publish","format-standard","hentry","category-allgemein"],"_links":{"self":[{"href":"https:\/\/odiv.de\/cms\/wp-json\/wp\/v2\/posts\/1505","targetHints":{"allow":["GET"]}}],"collection":[{"href":"https:\/\/odiv.de\/cms\/wp-json\/wp\/v2\/posts"}],"about":[{"href":"https:\/\/odiv.de\/cms\/wp-json\/wp\/v2\/types\/post"}],"author":[{"embeddable":true,"href":"https:\/\/odiv.de\/cms\/wp-json\/wp\/v2\/users\/3"}],"replies":[{"embeddable":true,"href":"https:\/\/odiv.de\/cms\/wp-json\/wp\/v2\/comments?post=1505"}],"version-history":[{"count":7,"href":"https:\/\/odiv.de\/cms\/wp-json\/wp\/v2\/posts\/1505\/revisions"}],"predecessor-version":[{"id":1521,"href":"https:\/\/odiv.de\/cms\/wp-json\/wp\/v2\/posts\/1505\/revisions\/1521"}],"wp:attachment":[{"href":"https:\/\/odiv.de\/cms\/wp-json\/wp\/v2\/media?parent=1505"}],"wp:term":[{"taxonomy":"category","embeddable":true,"href":"https:\/\/odiv.de\/cms\/wp-json\/wp\/v2\/categories?post=1505"},{"taxonomy":"post_tag","embeddable":true,"href":"https:\/\/odiv.de\/cms\/wp-json\/wp\/v2\/tags?post=1505"}],"curies":[{"name":"wp","href":"https:\/\/api.w.org\/{rel}","templated":true}]}}